{"id":1585,"date":"2014-05-16T11:56:12","date_gmt":"2014-05-16T09:56:12","guid":{"rendered":"http:\/\/www.musicalis.es\/?p=1585"},"modified":"2014-05-20T10:50:17","modified_gmt":"2014-05-20T08:50:17","slug":"musica-y-educacion-en-la-feria-del-libro","status":"publish","type":"post","link":"http:\/\/www.musicalis.es\/?p=1585","title":{"rendered":"M\u00daSICA Y EDUCACI\u00d3N en la Feria del Libro"},"content":{"rendered":"<p style=\"text-align: justify;\">La editorial Musicalis, con la revista <em>M\u00daSICA Y EDUCACI\u00d3N<\/em>, estar\u00e1 presente en la Feria del Libro de Madrid el pr\u00f3ximo s\u00e1bado <strong>31 de mayo de 2014<\/strong> (de 12:00-14:00 horas). El lugar ser\u00e1 en la Biblioteca Eugenio Tr\u00edas (Casa de Fieras del Retiro, Fern\u00e1n Nu\u00f1ez 24).<\/p>\n<p style=\"text-align: justify;\">Habr\u00e1 una intervenci\u00f3n de <strong>D. Manuel Angulo L\u00f3pez-Casero<\/strong>, director de esta veterana revista, sobre &#8220;M\u00fasica y Educaci\u00f3n, 25 a\u00f1os de experiencias&#8221;. Posteriormente, se ofrecer\u00e1 un concierto interpretado por <strong>Mario P\u00e9rez<\/strong> (viol\u00edn) y <strong>Eduardo Raimundo<\/strong> (clarinete), miembros del Tr\u00edo Musicalis patrocinado por <em>M\u00daSICA Y EDUCACI\u00d3N<\/em>.<\/p>\n<p><strong>PROGRAMA:<\/strong><br \/>\n&#8211; D\u00fao n.1 de <em>Adolfo Bush<\/em><br \/>\n(Clarinete y viol\u00edn)<\/p>\n<p>&#8211; Sweet Child of mine de <em>Guns and Roses (arreglo A. DeGraff)<\/em><br \/>\n(Violin solo)<\/p>\n<p>&#8211; Jackdaw de <em>Wayne Siegel<\/em><br \/>\n(clarinete y electr\u00f3nica)<\/p>\n<p>&#8211; Music for Figure-Heads de <em>Roderik de Man<\/em><br \/>\n(Clarinete bajo y viol\u00edn)<\/p>\n<p>&#8211; Ladies on the bridge de <em>Marcus Paus<\/em><br \/>\n(Viol\u00edn solo)<\/p>\n<p>&#8211; Valses Venezolanos de <em>Antonio Lauro (arreglo de Paquito de Rivera)<\/em><br \/>\n(Clarinete solo)<\/p>\n<p>&#8211; Duo de <em>Iluminada P\u00e9rez<\/em><br \/>\n(Clarinete y viol\u00edn)<\/p>\n<p>&#8211; Primavera Porte\u00f1a de <em>Astor Piazzolla<\/em><br \/>\n(Clarinete y viol\u00edn)<\/p>\n","protected":false},"excerpt":{"rendered":"<p>La editorial Musicalis, con la revista M\u00daSICA Y EDUCACI\u00d3N, estar\u00e1 presente en la Feria del Libro de Madrid el pr\u00f3ximo s\u00e1bado 31 de mayo de 2014 (de 12:00-14:00 horas). El lugar ser\u00e1 en la Biblioteca Eugenio Tr\u00edas (Casa de Fieras del Retiro, Fern\u00e1n Nu\u00f1ez 24). Habr\u00e1 una intervenci\u00f3n de D. Manuel Angulo L\u00f3pez-Casero, director de [&hellip;]<\/p>\n","protected":false},"author":2,"featured_media":1586,"comment_status":"open","ping_status":"closed","sticky":false,"template":"","format":"standard","meta":[],"categories":[1],"tags":[],"_links":{"self":[{"href":"http:\/\/www.musicalis.es\/index.php?rest_route=\/wp\/v2\/posts\/1585"}],"collection":[{"href":"http:\/\/www.musicalis.es\/index.php?rest_route=\/wp\/v2\/posts"}],"about":[{"href":"http:\/\/www.musicalis.es\/index.php?rest_route=\/wp\/v2\/types\/post"}],"author":[{"embeddable":true,"href":"http:\/\/www.musicalis.es\/index.php?rest_route=\/wp\/v2\/users\/2"}],"replies":[{"embeddable":true,"href":"http:\/\/www.musicalis.es\/index.php?rest_route=%2Fwp%2Fv2%2Fcomments&post=1585"}],"version-history":[{"count":7,"href":"http:\/\/www.musicalis.es\/index.php?rest_route=\/wp\/v2\/posts\/1585\/revisions"}],"predecessor-version":[{"id":1614,"href":"http:\/\/www.musicalis.es\/index.php?rest_route=\/wp\/v2\/posts\/1585\/revisions\/1614"}],"wp:featuredmedia":[{"embeddable":true,"href":"http:\/\/www.musicalis.es\/index.php?rest_route=\/wp\/v2\/media\/1586"}],"wp:attachment":[{"href":"http:\/\/www.musicalis.es\/index.php?rest_route=%2Fwp%2Fv2%2Fmedia&parent=1585"}],"wp:term":[{"taxonomy":"category","embeddable":true,"href":"http:\/\/www.musicalis.es\/index.php?rest_route=%2Fwp%2Fv2%2Fcategories&post=1585"},{"taxonomy":"post_tag","embeddable":true,"href":"http:\/\/www.musicalis.es\/index.php?rest_route=%2Fwp%2Fv2%2Ftags&post=1585"}],"curies":[{"name":"wp","href":"https:\/\/api.w.org\/{rel}","templated":true}]}}