{"id":1945,"date":"2014-06-30T14:27:30","date_gmt":"2014-06-30T12:27:30","guid":{"rendered":"http:\/\/www.musicalis.es\/?p=1945"},"modified":"2014-07-03T12:25:41","modified_gmt":"2014-07-03T10:25:41","slug":"conferencias-de-la-world-association-for-symphonic-bands-and-ensembles-wasbe","status":"publish","type":"post","link":"http:\/\/www.musicalis.es\/?p=1945","title":{"rendered":"Conferencias de la World Association for Symphonic Bands and Ensembles"},"content":{"rendered":"<p style=\"text-align: justify;\">La pr\u00f3xima Conferencia Regional de la\u00a0World Association for Symphonic Bands and Ensembles (WASBE) tendr\u00e1 lugar del <strong>7 al 14 de julio de 2014<\/strong> en Debrecen (Hungr\u00eda), mientras que la Conferencia Internacional se celebrar\u00e1 ya el pr\u00f3ximo a\u00f1o, concretamente del <strong>12 al 18 de julio de 2015<\/strong>, en San Jos\u00e9 (California, Estados Unidos). Para informarse m\u00e1s ampliamente pueden consultar la web: <a href=\"http:\/\/www.wasbe.org\" onclick=\"javascript:_gaq.push(['_trackEvent','outbound-article','http:\/\/www.wasbe.org']);\">www.wasbe.org<\/a>.<\/p>\n<div><\/div>\n","protected":false},"excerpt":{"rendered":"<p>La pr\u00f3xima Conferencia Regional de la\u00a0World Association for Symphonic Bands and Ensembles (WASBE) tendr\u00e1 lugar del 7 al 14 de julio de 2014 en Debrecen (Hungr\u00eda), mientras que la Conferencia Internacional se celebrar\u00e1 ya el pr\u00f3ximo a\u00f1o, concretamente del 12 al 18 de julio de 2015, en San Jos\u00e9 (California, Estados Unidos). Para informarse m\u00e1s [&hellip;]<\/p>\n","protected":false},"author":25,"featured_media":1948,"comment_status":"open","ping_status":"closed","sticky":false,"template":"","format":"standard","meta":[],"categories":[3],"tags":[],"_links":{"self":[{"href":"http:\/\/www.musicalis.es\/index.php?rest_route=\/wp\/v2\/posts\/1945"}],"collection":[{"href":"http:\/\/www.musicalis.es\/index.php?rest_route=\/wp\/v2\/posts"}],"about":[{"href":"http:\/\/www.musicalis.es\/index.php?rest_route=\/wp\/v2\/types\/post"}],"author":[{"embeddable":true,"href":"http:\/\/www.musicalis.es\/index.php?rest_route=\/wp\/v2\/users\/25"}],"replies":[{"embeddable":true,"href":"http:\/\/www.musicalis.es\/index.php?rest_route=%2Fwp%2Fv2%2Fcomments&post=1945"}],"version-history":[{"count":4,"href":"http:\/\/www.musicalis.es\/index.php?rest_route=\/wp\/v2\/posts\/1945\/revisions"}],"predecessor-version":[{"id":1952,"href":"http:\/\/www.musicalis.es\/index.php?rest_route=\/wp\/v2\/posts\/1945\/revisions\/1952"}],"wp:featuredmedia":[{"embeddable":true,"href":"http:\/\/www.musicalis.es\/index.php?rest_route=\/wp\/v2\/media\/1948"}],"wp:attachment":[{"href":"http:\/\/www.musicalis.es\/index.php?rest_route=%2Fwp%2Fv2%2Fmedia&parent=1945"}],"wp:term":[{"taxonomy":"category","embeddable":true,"href":"http:\/\/www.musicalis.es\/index.php?rest_route=%2Fwp%2Fv2%2Fcategories&post=1945"},{"taxonomy":"post_tag","embeddable":true,"href":"http:\/\/www.musicalis.es\/index.php?rest_route=%2Fwp%2Fv2%2Ftags&post=1945"}],"curies":[{"name":"wp","href":"https:\/\/api.w.org\/{rel}","templated":true}]}}