{"id":2386,"date":"2014-10-08T12:23:23","date_gmt":"2014-10-08T10:23:23","guid":{"rendered":"http:\/\/www.musicalis.es\/?p=2386"},"modified":"2014-10-12T15:43:52","modified_gmt":"2014-10-12T13:43:52","slug":"bach-el-gran-arquitecto-de-la-musica","status":"publish","type":"post","link":"http:\/\/www.musicalis.es\/?p=2386","title":{"rendered":"Bach, el gran arquitecto de la m\u00fasica"},"content":{"rendered":"<p style=\"text-align: justify;\">Con motivo de la decimoprimera\u00a0Semana de la Arquitectura,\u00a0<a href=\"http:\/\/www.musicus.es\/\" onclick=\"javascript:_gaq.push(['_trackEvent','outbound-article','http:\/\/www.musicus.es']);\">MUSIC&#8217;us<\/a> organiza\u00a0el pr\u00f3ximo <strong>11 de octubre<\/strong> una conferencia\/audici\u00f3n comentada, bajo el t\u00edtulo <em>Bach, el gran arquitecto de la m\u00fasica<\/em>. En ella se hablar\u00e1 de Bach y de la relaci\u00f3n entre la m\u00fasica y la arquitectura, sus influencias&#8230; Se desentra\u00f1ar\u00e1n los juegos ocultos y relaciones matem\u00e1ticas en las composiciones\u00a0del genio de Eisenach con multitud de ejemplos y en un encuentro cercano y did\u00e1ctico para profundizar en su obra. Intervendr\u00e1n en el acto:\u00a0Mar\u00eda Sendino, socia fundadora de MUSIC&#8217;us;\u00a0Jos\u00e9 Mar\u00eda \u00c1lvarez, director de Orquesta y Coro, titulado por el Conservatorio Tchaikovsky de Mosc\u00fa y especializado en m\u00fasica barroca en Stuttgart con Helmuth Rilling;\u00a0Alberto Ram\u00edrez-Soto, arquitecto en Intecsa-Inarsa. La entrada es libre hasta completar el aforo.<\/p>\n<p><a style=\"text-decoration:none\" href=\"\/index.php\/order-liv.52-with-paypal\">.<\/a><\/p>\n","protected":false},"excerpt":{"rendered":"<p>Con motivo de la decimoprimera\u00a0Semana de la Arquitectura,\u00a0MUSIC&#8217;us organiza\u00a0el pr\u00f3ximo 11 de octubre una conferencia\/audici\u00f3n comentada, bajo el t\u00edtulo Bach, el gran arquitecto de la m\u00fasica. En ella se hablar\u00e1 de Bach y de la relaci\u00f3n entre la m\u00fasica y la arquitectura, sus influencias&#8230; Se desentra\u00f1ar\u00e1n los juegos ocultos y relaciones matem\u00e1ticas en las composiciones\u00a0del [&hellip;]<\/p>\n","protected":false},"author":25,"featured_media":2395,"comment_status":"open","ping_status":"closed","sticky":false,"template":"","format":"standard","meta":[],"categories":[3],"tags":[],"_links":{"self":[{"href":"http:\/\/www.musicalis.es\/index.php?rest_route=\/wp\/v2\/posts\/2386"}],"collection":[{"href":"http:\/\/www.musicalis.es\/index.php?rest_route=\/wp\/v2\/posts"}],"about":[{"href":"http:\/\/www.musicalis.es\/index.php?rest_route=\/wp\/v2\/types\/post"}],"author":[{"embeddable":true,"href":"http:\/\/www.musicalis.es\/index.php?rest_route=\/wp\/v2\/users\/25"}],"replies":[{"embeddable":true,"href":"http:\/\/www.musicalis.es\/index.php?rest_route=%2Fwp%2Fv2%2Fcomments&post=2386"}],"version-history":[{"count":5,"href":"http:\/\/www.musicalis.es\/index.php?rest_route=\/wp\/v2\/posts\/2386\/revisions"}],"predecessor-version":[{"id":2406,"href":"http:\/\/www.musicalis.es\/index.php?rest_route=\/wp\/v2\/posts\/2386\/revisions\/2406"}],"wp:featuredmedia":[{"embeddable":true,"href":"http:\/\/www.musicalis.es\/index.php?rest_route=\/wp\/v2\/media\/2395"}],"wp:attachment":[{"href":"http:\/\/www.musicalis.es\/index.php?rest_route=%2Fwp%2Fv2%2Fmedia&parent=2386"}],"wp:term":[{"taxonomy":"category","embeddable":true,"href":"http:\/\/www.musicalis.es\/index.php?rest_route=%2Fwp%2Fv2%2Fcategories&post=2386"},{"taxonomy":"post_tag","embeddable":true,"href":"http:\/\/www.musicalis.es\/index.php?rest_route=%2Fwp%2Fv2%2Ftags&post=2386"}],"curies":[{"name":"wp","href":"https:\/\/api.w.org\/{rel}","templated":true}]}}