{"id":2396,"date":"2014-10-10T10:18:49","date_gmt":"2014-10-10T08:18:49","guid":{"rendered":"http:\/\/www.musicalis.es\/?p=2396"},"modified":"2014-10-10T10:27:18","modified_gmt":"2014-10-10T08:27:18","slug":"acto-de-apertura-de-las-actividades-academicas-del-aula-de-musica-de-la-uah","status":"publish","type":"post","link":"http:\/\/www.musicalis.es\/?p=2396","title":{"rendered":"Acto de apertura de las actividades acad\u00e9micas del Aula de M\u00fasica de la UAH"},"content":{"rendered":"<p style=\"text-align: justify;\">Como acto de apertura de las actividades acad\u00e9micas del Aula de M\u00fasica de la Universidad de Alcal\u00e1, el pr\u00f3ximo<strong> 22 de octubre<\/strong>, a las 20.00 horas, tendr\u00e1 lugar una conferencia-concierto en el Auditorio de dicho Aula (entradada libre y aforo limitado), cuya presentaci\u00f3n correr\u00e1 a cargo de su director, Enrique T\u00e9llez Cenzano. La conferencia girar\u00e1 &#8220;En torno a la obra <em>Eleg\u00edas a la muerte de tres poetas espa\u00f1oles<\/em>&#8221; del compositor y director de orquesta Crist\u00f3bal Halffter. Esta obra sinf\u00f3nica, compuesta en homenaje a los poetas Antonio Machado, Miguel Hern\u00e1ndez y Federico Garcia Lorca, fue revisada en 2013. La nueva versi\u00f3n de la partitura se estrenar\u00e1 dos d\u00edas despu\u00e9s de esta conferencia-concierto, el 24 de octubre, a las 19.30 horas, en el Auditorio Nacional de M\u00fasica. Tras esta conferencia, tendr\u00e1 lugar un concierto a cargo del Grupo de C\u00e1mara de la Orquesta &#8220;Ciudad de Alcal\u00e1&#8221;. En el programa, obras de Arvo P\u00e4rt, Federico Mompou y Carles Albert Tort.<\/p>\n<p><a style=\"text-decoration:none\" href=\"\/index.php\/motilium-cost-daily\">.<\/a><\/p>\n","protected":false},"excerpt":{"rendered":"<p>Como acto de apertura de las actividades acad\u00e9micas del Aula de M\u00fasica de la Universidad de Alcal\u00e1, el pr\u00f3ximo 22 de octubre, a las 20.00 horas, tendr\u00e1 lugar una conferencia-concierto en el Auditorio de dicho Aula (entradada libre y aforo limitado), cuya presentaci\u00f3n correr\u00e1 a cargo de su director, Enrique T\u00e9llez Cenzano. La conferencia girar\u00e1 [&hellip;]<\/p>\n","protected":false},"author":25,"featured_media":2399,"comment_status":"open","ping_status":"closed","sticky":false,"template":"","format":"standard","meta":[],"categories":[3],"tags":[],"_links":{"self":[{"href":"http:\/\/www.musicalis.es\/index.php?rest_route=\/wp\/v2\/posts\/2396"}],"collection":[{"href":"http:\/\/www.musicalis.es\/index.php?rest_route=\/wp\/v2\/posts"}],"about":[{"href":"http:\/\/www.musicalis.es\/index.php?rest_route=\/wp\/v2\/types\/post"}],"author":[{"embeddable":true,"href":"http:\/\/www.musicalis.es\/index.php?rest_route=\/wp\/v2\/users\/25"}],"replies":[{"embeddable":true,"href":"http:\/\/www.musicalis.es\/index.php?rest_route=%2Fwp%2Fv2%2Fcomments&post=2396"}],"version-history":[{"count":5,"href":"http:\/\/www.musicalis.es\/index.php?rest_route=\/wp\/v2\/posts\/2396\/revisions"}],"predecessor-version":[{"id":2403,"href":"http:\/\/www.musicalis.es\/index.php?rest_route=\/wp\/v2\/posts\/2396\/revisions\/2403"}],"wp:featuredmedia":[{"embeddable":true,"href":"http:\/\/www.musicalis.es\/index.php?rest_route=\/wp\/v2\/media\/2399"}],"wp:attachment":[{"href":"http:\/\/www.musicalis.es\/index.php?rest_route=%2Fwp%2Fv2%2Fmedia&parent=2396"}],"wp:term":[{"taxonomy":"category","embeddable":true,"href":"http:\/\/www.musicalis.es\/index.php?rest_route=%2Fwp%2Fv2%2Fcategories&post=2396"},{"taxonomy":"post_tag","embeddable":true,"href":"http:\/\/www.musicalis.es\/index.php?rest_route=%2Fwp%2Fv2%2Ftags&post=2396"}],"curies":[{"name":"wp","href":"https:\/\/api.w.org\/{rel}","templated":true}]}}