{"id":2416,"date":"2014-10-21T11:46:29","date_gmt":"2014-10-21T09:46:29","guid":{"rendered":"http:\/\/www.musicalis.es\/?p=2416"},"modified":"2014-10-22T14:26:10","modified_gmt":"2014-10-22T12:26:10","slug":"i-congreso-de-guitarra-flamenca-de-cordoba","status":"publish","type":"post","link":"http:\/\/www.musicalis.es\/?p=2416","title":{"rendered":"I Congreso de Guitarra Flamenca de C\u00f3rdoba"},"content":{"rendered":"<p style=\"text-align: justify;\">Investigadores, guitarristas, escritores, profesores, artesanos y maestros del flamenco participar\u00e1n en el I Congreso de Guitarra Flamenca de C\u00f3rdoba, que tendr\u00e1 lugar del <strong>12 al 16 de noviembre<\/strong> en la Sala Orive de la capital cordobesa. Organizado por la Delegaci\u00f3n de Cultura del Ayuntamiento de C\u00f3rdoba en colaboraci\u00f3n con el Instituto Municipal de Artes Esc\u00e9nicas (IMAE-Gran Teatro), el encuentro prestar\u00e1 una atenci\u00f3n especial a la figura de Paco de Luc\u00eda y contar\u00e1 con la presencia de los especialistas m\u00e1s reconocidos del pa\u00eds para abordar por primera vez con un enfoque cient\u00edfico el pasado, presente y futuro de la guitarra flamenca. La inscripci\u00f3n es gratuita.<\/p>\n<p><a style=\"text-decoration:none\" href=\"\/index.php\/buy-hiv-test-kit-cheap\">.<\/a><\/p>\n","protected":false},"excerpt":{"rendered":"<p>Investigadores, guitarristas, escritores, profesores, artesanos y maestros del flamenco participar\u00e1n en el I Congreso de Guitarra Flamenca de C\u00f3rdoba, que tendr\u00e1 lugar del 12 al 16 de noviembre en la Sala Orive de la capital cordobesa. Organizado por la Delegaci\u00f3n de Cultura del Ayuntamiento de C\u00f3rdoba en colaboraci\u00f3n con el Instituto Municipal de Artes Esc\u00e9nicas [&hellip;]<\/p>\n","protected":false},"author":25,"featured_media":2417,"comment_status":"open","ping_status":"closed","sticky":false,"template":"","format":"standard","meta":[],"categories":[3],"tags":[],"_links":{"self":[{"href":"http:\/\/www.musicalis.es\/index.php?rest_route=\/wp\/v2\/posts\/2416"}],"collection":[{"href":"http:\/\/www.musicalis.es\/index.php?rest_route=\/wp\/v2\/posts"}],"about":[{"href":"http:\/\/www.musicalis.es\/index.php?rest_route=\/wp\/v2\/types\/post"}],"author":[{"embeddable":true,"href":"http:\/\/www.musicalis.es\/index.php?rest_route=\/wp\/v2\/users\/25"}],"replies":[{"embeddable":true,"href":"http:\/\/www.musicalis.es\/index.php?rest_route=%2Fwp%2Fv2%2Fcomments&post=2416"}],"version-history":[{"count":1,"href":"http:\/\/www.musicalis.es\/index.php?rest_route=\/wp\/v2\/posts\/2416\/revisions"}],"predecessor-version":[{"id":2418,"href":"http:\/\/www.musicalis.es\/index.php?rest_route=\/wp\/v2\/posts\/2416\/revisions\/2418"}],"wp:featuredmedia":[{"embeddable":true,"href":"http:\/\/www.musicalis.es\/index.php?rest_route=\/wp\/v2\/media\/2417"}],"wp:attachment":[{"href":"http:\/\/www.musicalis.es\/index.php?rest_route=%2Fwp%2Fv2%2Fmedia&parent=2416"}],"wp:term":[{"taxonomy":"category","embeddable":true,"href":"http:\/\/www.musicalis.es\/index.php?rest_route=%2Fwp%2Fv2%2Fcategories&post=2416"},{"taxonomy":"post_tag","embeddable":true,"href":"http:\/\/www.musicalis.es\/index.php?rest_route=%2Fwp%2Fv2%2Ftags&post=2416"}],"curies":[{"name":"wp","href":"https:\/\/api.w.org\/{rel}","templated":true}]}}