{"id":2460,"date":"2014-11-11T14:56:12","date_gmt":"2014-11-11T12:56:12","guid":{"rendered":"http:\/\/www.musicalis.es\/?p=2460"},"modified":"2014-11-11T14:57:34","modified_gmt":"2014-11-11T12:57:34","slug":"simplemente-flamenco-en-el-aula-museo-paco-diez-de-mucientes","status":"publish","type":"post","link":"http:\/\/www.musicalis.es\/?p=2460","title":{"rendered":"Simplemente Flamenco, en el Aula-Museo &#8220;Paco D\u00edez&#8221; de Mucientes"},"content":{"rendered":"<p style=\"text-align: justify;\">El pr\u00f3ximo <b><span style=\"color: #1d300d;\">15 de noviembre,<\/span><\/b> a las <span style=\"color: #1d300d;\">19:00 horas<\/span> y en la sala del Aula-Museo &#8220;Paco D\u00edez&#8221; de la localidad vallisoletana de Mucientes, tendr\u00e1 lugar un nuevo concierto del octavo ciclo &#8220;Las 10 y Una noches&#8221;, protagonizado esta vez por el guitarrista vallisoletano\u00a0Carlos Blanco, acompa\u00f1ado por Jos\u00e9 Salinas al cante y a la percusi\u00f3n. Su t\u00edtulo: <em>Simplemente Flamenco.<\/em><\/p>\n","protected":false},"excerpt":{"rendered":"<p>El pr\u00f3ximo 15 de noviembre, a las 19:00 horas y en la sala del Aula-Museo &#8220;Paco D\u00edez&#8221; de la localidad vallisoletana de Mucientes, tendr\u00e1 lugar un nuevo concierto del octavo ciclo &#8220;Las 10 y Una noches&#8221;, protagonizado esta vez por el guitarrista vallisoletano\u00a0Carlos Blanco, acompa\u00f1ado por Jos\u00e9 Salinas al cante y a la percusi\u00f3n. Su [&hellip;]<\/p>\n","protected":false},"author":25,"featured_media":2461,"comment_status":"open","ping_status":"closed","sticky":false,"template":"","format":"standard","meta":[],"categories":[3],"tags":[],"_links":{"self":[{"href":"http:\/\/www.musicalis.es\/index.php?rest_route=\/wp\/v2\/posts\/2460"}],"collection":[{"href":"http:\/\/www.musicalis.es\/index.php?rest_route=\/wp\/v2\/posts"}],"about":[{"href":"http:\/\/www.musicalis.es\/index.php?rest_route=\/wp\/v2\/types\/post"}],"author":[{"embeddable":true,"href":"http:\/\/www.musicalis.es\/index.php?rest_route=\/wp\/v2\/users\/25"}],"replies":[{"embeddable":true,"href":"http:\/\/www.musicalis.es\/index.php?rest_route=%2Fwp%2Fv2%2Fcomments&post=2460"}],"version-history":[{"count":1,"href":"http:\/\/www.musicalis.es\/index.php?rest_route=\/wp\/v2\/posts\/2460\/revisions"}],"predecessor-version":[{"id":2462,"href":"http:\/\/www.musicalis.es\/index.php?rest_route=\/wp\/v2\/posts\/2460\/revisions\/2462"}],"wp:featuredmedia":[{"embeddable":true,"href":"http:\/\/www.musicalis.es\/index.php?rest_route=\/wp\/v2\/media\/2461"}],"wp:attachment":[{"href":"http:\/\/www.musicalis.es\/index.php?rest_route=%2Fwp%2Fv2%2Fmedia&parent=2460"}],"wp:term":[{"taxonomy":"category","embeddable":true,"href":"http:\/\/www.musicalis.es\/index.php?rest_route=%2Fwp%2Fv2%2Fcategories&post=2460"},{"taxonomy":"post_tag","embeddable":true,"href":"http:\/\/www.musicalis.es\/index.php?rest_route=%2Fwp%2Fv2%2Ftags&post=2460"}],"curies":[{"name":"wp","href":"https:\/\/api.w.org\/{rel}","templated":true}]}}